{"id":4257,"date":"2023-04-05T10:56:20","date_gmt":"2023-04-05T08:56:20","guid":{"rendered":"http:\/\/berlin-boehm.de\/Kanty\/?p=4257"},"modified":"2023-04-05T12:12:58","modified_gmt":"2023-04-05T10:12:58","slug":"die-mitbestimmung-des-betriebsrates-bei-der-bestimmung-der-arbeitszeit-gemaess-%c2%a7-87-i-nr-2-betrvg","status":"publish","type":"post","link":"http:\/\/berlin-boehm.de\/Kanty\/archive\/4257","title":{"rendered":"Die Mitbestimmung des Betriebsrates bei der Bestimmung der Arbeitszeit gem\u00e4\u00df \u00a7 87 I Nr. 2 BetrVG"},"content":{"rendered":"\n<hr class=\"wp-block-separator has-alpha-channel-opacity\"\/>\n\n\n\n<div class=\"real3dflipbook\" id=\"1_69f5bc5ace6dd\" style=\"position:absolute;\"><\/div>\n\n\n\n<hr class=\"wp-block-separator has-alpha-channel-opacity\"\/>\n","protected":false},"excerpt":{"rendered":"","protected":false},"author":1,"featured_media":0,"comment_status":"closed","ping_status":"closed","sticky":false,"template":"","format":"standard","meta":{"_themeisle_gutenberg_block_has_review":false,"footnotes":""},"categories":[33],"tags":[],"class_list":["post-4257","post","type-post","status-publish","format-standard","hentry","category-recht"],"yoast_head":"<!-- This site is optimized with the Yoast SEO plugin v27.5 - https:\/\/yoast.com\/product\/yoast-seo-wordpress\/ -->\n<title>Die Mitbestimmung des Betriebsrates bei der Bestimmung der Arbeitszeit gem\u00e4\u00df \u00a7 87 I Nr. 2 BetrVG - Berliner Gelassenheit<\/title>\n<meta name=\"robots\" content=\"index, follow, max-snippet:-1, max-image-preview:large, max-video-preview:-1\" \/>\n<link rel=\"canonical\" href=\"http:\/\/berlin-boehm.de\/Kanty\/archive\/4257\" \/>\n<meta property=\"og:locale\" content=\"de_DE\" \/>\n<meta property=\"og:type\" content=\"article\" \/>\n<meta property=\"og:title\" content=\"Die Mitbestimmung des Betriebsrates bei der Bestimmung der Arbeitszeit gem\u00e4\u00df \u00a7 87 I Nr. 2 BetrVG - Berliner Gelassenheit\" \/>\n<meta property=\"og:url\" content=\"http:\/\/berlin-boehm.de\/Kanty\/archive\/4257\" \/>\n<meta property=\"og:site_name\" content=\"Berliner Gelassenheit\" \/>\n<meta property=\"article:published_time\" content=\"2023-04-05T08:56:20+00:00\" \/>\n<meta property=\"article:modified_time\" content=\"2023-04-05T10:12:58+00:00\" \/>\n<meta name=\"author\" content=\"Bartholom\u00e4us B\u00f6hm\" \/>\n<meta name=\"twitter:card\" content=\"summary_large_image\" \/>\n<meta name=\"twitter:label1\" content=\"Verfasst von\" \/>\n\t<meta name=\"twitter:data1\" content=\"Bartholom\u00e4us B\u00f6hm\" \/>\n\t<meta name=\"twitter:label2\" content=\"Gesch\u00e4tzte Lesezeit\" \/>\n\t<meta name=\"twitter:data2\" content=\"1\u00a0Minute\" \/>\n<script type=\"application\/ld+json\" class=\"yoast-schema-graph\">{\"@context\":\"https:\\\/\\\/schema.org\",\"@graph\":[{\"@type\":\"Article\",\"@id\":\"http:\\\/\\\/berlin-boehm.de\\\/Kanty\\\/archive\\\/4257#article\",\"isPartOf\":{\"@id\":\"http:\\\/\\\/berlin-boehm.de\\\/Kanty\\\/archive\\\/4257\"},\"author\":{\"name\":\"Bartholom\u00e4us B\u00f6hm\",\"@id\":\"http:\\\/\\\/berlin-boehm.de\\\/Kanty\\\/#\\\/schema\\\/person\\\/e7bb56a842d02bb40f4663709bf5242d\"},\"headline\":\"Die Mitbestimmung des Betriebsrates bei der Bestimmung der Arbeitszeit gem\u00e4\u00df \u00a7 87 I Nr. 2 BetrVG\",\"datePublished\":\"2023-04-05T08:56:20+00:00\",\"dateModified\":\"2023-04-05T10:12:58+00:00\",\"mainEntityOfPage\":{\"@id\":\"http:\\\/\\\/berlin-boehm.de\\\/Kanty\\\/archive\\\/4257\"},\"wordCount\":18,\"publisher\":{\"@id\":\"http:\\\/\\\/berlin-boehm.de\\\/Kanty\\\/#\\\/schema\\\/person\\\/e7bb56a842d02bb40f4663709bf5242d\"},\"articleSection\":[\"Recht\"],\"inLanguage\":\"de\"},{\"@type\":\"WebPage\",\"@id\":\"http:\\\/\\\/berlin-boehm.de\\\/Kanty\\\/archive\\\/4257\",\"url\":\"http:\\\/\\\/berlin-boehm.de\\\/Kanty\\\/archive\\\/4257\",\"name\":\"Die Mitbestimmung des Betriebsrates bei der Bestimmung der Arbeitszeit gem\u00e4\u00df \u00a7 87 I Nr. 2 BetrVG - Berliner Gelassenheit\",\"isPartOf\":{\"@id\":\"http:\\\/\\\/berlin-boehm.de\\\/Kanty\\\/#website\"},\"datePublished\":\"2023-04-05T08:56:20+00:00\",\"dateModified\":\"2023-04-05T10:12:58+00:00\",\"breadcrumb\":{\"@id\":\"http:\\\/\\\/berlin-boehm.de\\\/Kanty\\\/archive\\\/4257#breadcrumb\"},\"inLanguage\":\"de\",\"potentialAction\":[{\"@type\":\"ReadAction\",\"target\":[\"http:\\\/\\\/berlin-boehm.de\\\/Kanty\\\/archive\\\/4257\"]}]},{\"@type\":\"BreadcrumbList\",\"@id\":\"http:\\\/\\\/berlin-boehm.de\\\/Kanty\\\/archive\\\/4257#breadcrumb\",\"itemListElement\":[{\"@type\":\"ListItem\",\"position\":1,\"name\":\"Startseite\",\"item\":\"http:\\\/\\\/berlin-boehm.de\\\/Kanty\\\/\"},{\"@type\":\"ListItem\",\"position\":2,\"name\":\"Die Mitbestimmung des Betriebsrates bei der Bestimmung der Arbeitszeit gem\u00e4\u00df \u00a7 87 I Nr. 2 BetrVG\"}]},{\"@type\":\"WebSite\",\"@id\":\"http:\\\/\\\/berlin-boehm.de\\\/Kanty\\\/#website\",\"url\":\"http:\\\/\\\/berlin-boehm.de\\\/Kanty\\\/\",\"name\":\"Berliner Gelassenheit\",\"description\":\"Heiterkeit und Widerspr\u00fcche\",\"publisher\":{\"@id\":\"http:\\\/\\\/berlin-boehm.de\\\/Kanty\\\/#\\\/schema\\\/person\\\/e7bb56a842d02bb40f4663709bf5242d\"},\"potentialAction\":[{\"@type\":\"SearchAction\",\"target\":{\"@type\":\"EntryPoint\",\"urlTemplate\":\"http:\\\/\\\/berlin-boehm.de\\\/Kanty\\\/?s={search_term_string}\"},\"query-input\":{\"@type\":\"PropertyValueSpecification\",\"valueRequired\":true,\"valueName\":\"search_term_string\"}}],\"inLanguage\":\"de\"},{\"@type\":[\"Person\",\"Organization\"],\"@id\":\"http:\\\/\\\/berlin-boehm.de\\\/Kanty\\\/#\\\/schema\\\/person\\\/e7bb56a842d02bb40f4663709bf5242d\",\"name\":\"Bartholom\u00e4us B\u00f6hm\",\"logo\":{\"@id\":\"http:\\\/\\\/berlin-boehm.de\\\/Kanty\\\/#\\\/schema\\\/person\\\/image\\\/\"},\"description\":\"Prof. Dr. med. Dr. phil. Bartholom\u00e4us B\u00f6hm LL.M B.A. M.A B.Sc Chirurg, Philosoph, Jurist, Soziologe \u00d6konom, Kulturwissenschaftler\",\"sameAs\":[\"http:\\\/\\\/berlin-boehm.de\"],\"url\":\"http:\\\/\\\/berlin-boehm.de\\\/Kanty\\\/archive\\\/author\\\/barthoberlin-boehm-de\"}]}<\/script>\n<!-- \/ Yoast SEO plugin. -->","yoast_head_json":{"title":"Die Mitbestimmung des Betriebsrates bei der Bestimmung der Arbeitszeit gem\u00e4\u00df \u00a7 87 I Nr. 2 BetrVG - Berliner Gelassenheit","robots":{"index":"index","follow":"follow","max-snippet":"max-snippet:-1","max-image-preview":"max-image-preview:large","max-video-preview":"max-video-preview:-1"},"canonical":"http:\/\/berlin-boehm.de\/Kanty\/archive\/4257","og_locale":"de_DE","og_type":"article","og_title":"Die Mitbestimmung des Betriebsrates bei der Bestimmung der Arbeitszeit gem\u00e4\u00df \u00a7 87 I Nr. 2 BetrVG - Berliner Gelassenheit","og_url":"http:\/\/berlin-boehm.de\/Kanty\/archive\/4257","og_site_name":"Berliner Gelassenheit","article_published_time":"2023-04-05T08:56:20+00:00","article_modified_time":"2023-04-05T10:12:58+00:00","author":"Bartholom\u00e4us B\u00f6hm","twitter_card":"summary_large_image","twitter_misc":{"Verfasst von":"Bartholom\u00e4us B\u00f6hm","Gesch\u00e4tzte Lesezeit":"1\u00a0Minute"},"schema":{"@context":"https:\/\/schema.org","@graph":[{"@type":"Article","@id":"http:\/\/berlin-boehm.de\/Kanty\/archive\/4257#article","isPartOf":{"@id":"http:\/\/berlin-boehm.de\/Kanty\/archive\/4257"},"author":{"name":"Bartholom\u00e4us B\u00f6hm","@id":"http:\/\/berlin-boehm.de\/Kanty\/#\/schema\/person\/e7bb56a842d02bb40f4663709bf5242d"},"headline":"Die Mitbestimmung des Betriebsrates bei der Bestimmung der Arbeitszeit gem\u00e4\u00df \u00a7 87 I Nr. 2 BetrVG","datePublished":"2023-04-05T08:56:20+00:00","dateModified":"2023-04-05T10:12:58+00:00","mainEntityOfPage":{"@id":"http:\/\/berlin-boehm.de\/Kanty\/archive\/4257"},"wordCount":18,"publisher":{"@id":"http:\/\/berlin-boehm.de\/Kanty\/#\/schema\/person\/e7bb56a842d02bb40f4663709bf5242d"},"articleSection":["Recht"],"inLanguage":"de"},{"@type":"WebPage","@id":"http:\/\/berlin-boehm.de\/Kanty\/archive\/4257","url":"http:\/\/berlin-boehm.de\/Kanty\/archive\/4257","name":"Die Mitbestimmung des Betriebsrates bei der Bestimmung der Arbeitszeit gem\u00e4\u00df \u00a7 87 I Nr. 2 BetrVG - Berliner Gelassenheit","isPartOf":{"@id":"http:\/\/berlin-boehm.de\/Kanty\/#website"},"datePublished":"2023-04-05T08:56:20+00:00","dateModified":"2023-04-05T10:12:58+00:00","breadcrumb":{"@id":"http:\/\/berlin-boehm.de\/Kanty\/archive\/4257#breadcrumb"},"inLanguage":"de","potentialAction":[{"@type":"ReadAction","target":["http:\/\/berlin-boehm.de\/Kanty\/archive\/4257"]}]},{"@type":"BreadcrumbList","@id":"http:\/\/berlin-boehm.de\/Kanty\/archive\/4257#breadcrumb","itemListElement":[{"@type":"ListItem","position":1,"name":"Startseite","item":"http:\/\/berlin-boehm.de\/Kanty\/"},{"@type":"ListItem","position":2,"name":"Die Mitbestimmung des Betriebsrates bei der Bestimmung der Arbeitszeit gem\u00e4\u00df \u00a7 87 I Nr. 2 BetrVG"}]},{"@type":"WebSite","@id":"http:\/\/berlin-boehm.de\/Kanty\/#website","url":"http:\/\/berlin-boehm.de\/Kanty\/","name":"Berliner Gelassenheit","description":"Heiterkeit und Widerspr\u00fcche","publisher":{"@id":"http:\/\/berlin-boehm.de\/Kanty\/#\/schema\/person\/e7bb56a842d02bb40f4663709bf5242d"},"potentialAction":[{"@type":"SearchAction","target":{"@type":"EntryPoint","urlTemplate":"http:\/\/berlin-boehm.de\/Kanty\/?s={search_term_string}"},"query-input":{"@type":"PropertyValueSpecification","valueRequired":true,"valueName":"search_term_string"}}],"inLanguage":"de"},{"@type":["Person","Organization"],"@id":"http:\/\/berlin-boehm.de\/Kanty\/#\/schema\/person\/e7bb56a842d02bb40f4663709bf5242d","name":"Bartholom\u00e4us B\u00f6hm","logo":{"@id":"http:\/\/berlin-boehm.de\/Kanty\/#\/schema\/person\/image\/"},"description":"Prof. Dr. med. Dr. phil. Bartholom\u00e4us B\u00f6hm LL.M B.A. M.A B.Sc Chirurg, Philosoph, Jurist, Soziologe \u00d6konom, Kulturwissenschaftler","sameAs":["http:\/\/berlin-boehm.de"],"url":"http:\/\/berlin-boehm.de\/Kanty\/archive\/author\/barthoberlin-boehm-de"}]}},"_links":{"self":[{"href":"http:\/\/berlin-boehm.de\/Kanty\/wp-json\/wp\/v2\/posts\/4257","targetHints":{"allow":["GET"]}}],"collection":[{"href":"http:\/\/berlin-boehm.de\/Kanty\/wp-json\/wp\/v2\/posts"}],"about":[{"href":"http:\/\/berlin-boehm.de\/Kanty\/wp-json\/wp\/v2\/types\/post"}],"author":[{"embeddable":true,"href":"http:\/\/berlin-boehm.de\/Kanty\/wp-json\/wp\/v2\/users\/1"}],"replies":[{"embeddable":true,"href":"http:\/\/berlin-boehm.de\/Kanty\/wp-json\/wp\/v2\/comments?post=4257"}],"version-history":[{"count":2,"href":"http:\/\/berlin-boehm.de\/Kanty\/wp-json\/wp\/v2\/posts\/4257\/revisions"}],"predecessor-version":[{"id":4262,"href":"http:\/\/berlin-boehm.de\/Kanty\/wp-json\/wp\/v2\/posts\/4257\/revisions\/4262"}],"wp:attachment":[{"href":"http:\/\/berlin-boehm.de\/Kanty\/wp-json\/wp\/v2\/media?parent=4257"}],"wp:term":[{"taxonomy":"category","embeddable":true,"href":"http:\/\/berlin-boehm.de\/Kanty\/wp-json\/wp\/v2\/categories?post=4257"},{"taxonomy":"post_tag","embeddable":true,"href":"http:\/\/berlin-boehm.de\/Kanty\/wp-json\/wp\/v2\/tags?post=4257"}],"curies":[{"name":"wp","href":"https:\/\/api.w.org\/{rel}","templated":true}]}}